{"id":471,"date":"2022-01-14T16:21:23","date_gmt":"2022-01-14T21:21:23","guid":{"rendered":"http:\/\/www.guiate.pe\/prensa\/?p=471"},"modified":"2022-08-19T12:59:47","modified_gmt":"2022-08-19T17:59:47","slug":"hallan-en-chile-a-adolescente-peruana-desaparecida-desde-diciembre","status":"publish","type":"post","link":"http:\/\/www.guiate.pe\/prensa\/hallan-en-chile-a-adolescente-peruana-desaparecida-desde-diciembre\/","title":{"rendered":"Hallan en Chile a adolescente peruana desaparecida desde diciembre"},"content":{"rendered":"<p>\u2022 <span style=\"color: #800000;\"><strong>Fue captada por red de trata de personas para supuesto trabajo de modelaje<\/strong><\/span><br \/>\n<strong>Mariana Alexandra Vera N\u00fa\u00f1ez<\/strong>, la adolescente peruana de 13 a\u00f1os desaparecida desde el 30 de diciembre en el <strong><span style=\"color: #800000;\">distrito de Ate<\/span><\/strong>, fue encontrada en la ciudad de Iquique, Chile, a donde habr\u00eda sido llevada por una red de trata de personas.<\/p>\n<p>La menor fue ubicada gracias a un operativo coordinado entre la Interpol de Per\u00fa y Chile, cuyos integrantes ubicaron a Mariana en un campamento para migrantes venezolanos. <!--more--><\/p>\n<p>El coronel Carlos Roque, de Interpol Per\u00fa, dijo en ATV que ayer, a las 14:00 horas, Interpol Santiago comunic\u00f3 que la menor podr\u00eda estar en un campamento de refugio para ciudadanos venezolanos.<\/p>\n<blockquote><p>\u00ab<em><strong>Es all\u00ed cuando inteligencia chilena ingres\u00f3 al campamento y pudo tomar una fotograf\u00eda de la menor, para luego ser enviada a la madre, quien la reconoci\u00f3<\/strong><\/em>\u00ab, precis\u00f3 Roque.<\/p><\/blockquote>\n<p>De acuerdo con la informaci\u00f3n policial, el \u00faltimo 30 de diciembre pasado, un ciudadano venezolano se acerc\u00f3 a la vivienda de Mariana, ubicada en la <strong><span style=\"color: #800000;\">Asociaci\u00f3n Villa Vitarte<\/span><\/strong>, para esperar a la adolescente, a quien habr\u00eda captado a trav\u00e9s de las redes sociales.<\/p>\n<p>En medio de la desesperaci\u00f3n por no encontrar a la menor, los familiares de Mariana indagaron en el celular de la adolescente y descubrieron c\u00f3mo este sujeto hab\u00eda <em><strong>seducido a la v\u00edctima bajo el cuento de que trabajar\u00eda como modelo.<\/strong><\/em><\/p>\n<p>\u201c<strong><em>Ha sido captada por redes sociales. Era extra\u00f1o que salga. El venezolano se refer\u00eda a ella como \u2018mi amor\u2019<\/em><\/strong>\u201d, mencion\u00f3 la madre de Mariana, quien espera que la justicia chilena entregue a su hija en la frontera peruana.<\/p>\n<p>El coronel Roque manifest\u00f3 que Interpol Santiago est\u00e1 investigando c\u00f3mo Mariana cruz\u00f3 la frontera sur sin ser registrada por migraciones de ambos pa\u00edses.<\/p>\n<p>\u201c<em><strong>Se sospecha que el ciudadano venezolano se aprovech\u00f3 de los problemas que conlleva la alta migraci\u00f3n venezolana para ingresar a Chile sin el menor control, ya sea a pie o como transe\u00fante, camuflado en un auto particular. Es as\u00ed como lleg\u00f3 a un campamento que usan los migrantes y que est\u00e1 cerca de la frontera<\/strong><\/em>\u201d, inform\u00f3 el oficial.<\/p>\n<p>El venezolano que sustrajo a Mariana ha sido detenido y ser\u00e1 procesado bajo las leyes chilenas por haber sido capturado en ese territorio. En tanto, Mariana pasar\u00e1 por una audiencia con las autoridades chilenas acompa\u00f1ada de la c\u00f3nsul peruana en Chile, Lucy Camacho. {Andina}<\/p>\n","protected":false},"excerpt":{"rendered":"<p>\u2022 Fue captada por red de trata de personas para supuesto trabajo de modelaje Mariana Alexandra Vera N\u00fa\u00f1ez, la adolescente peruana de 13 a\u00f1os desaparecida desde el 30 de diciembre en el distrito de Ate, fue encontrada en la ciudad de Iquique, Chile, a&#8230;<\/p>\n","protected":false},"author":1,"featured_media":472,"comment_status":"open","ping_status":"open","sticky":false,"template":"","format":"standard","meta":[],"categories":[1,45],"tags":[],"_links":{"self":[{"href":"http:\/\/www.guiate.pe\/prensa\/wp-json\/wp\/v2\/posts\/471"}],"collection":[{"href":"http:\/\/www.guiate.pe\/prensa\/wp-json\/wp\/v2\/posts"}],"about":[{"href":"http:\/\/www.guiate.pe\/prensa\/wp-json\/wp\/v2\/types\/post"}],"author":[{"embeddable":true,"href":"http:\/\/www.guiate.pe\/prensa\/wp-json\/wp\/v2\/users\/1"}],"replies":[{"embeddable":true,"href":"http:\/\/www.guiate.pe\/prensa\/wp-json\/wp\/v2\/comments?post=471"}],"version-history":[{"count":3,"href":"http:\/\/www.guiate.pe\/prensa\/wp-json\/wp\/v2\/posts\/471\/revisions"}],"predecessor-version":[{"id":497,"href":"http:\/\/www.guiate.pe\/prensa\/wp-json\/wp\/v2\/posts\/471\/revisions\/497"}],"wp:featuredmedia":[{"embeddable":true,"href":"http:\/\/www.guiate.pe\/prensa\/wp-json\/wp\/v2\/media\/472"}],"wp:attachment":[{"href":"http:\/\/www.guiate.pe\/prensa\/wp-json\/wp\/v2\/media?parent=471"}],"wp:term":[{"taxonomy":"category","embeddable":true,"href":"http:\/\/www.guiate.pe\/prensa\/wp-json\/wp\/v2\/categories?post=471"},{"taxonomy":"post_tag","embeddable":true,"href":"http:\/\/www.guiate.pe\/prensa\/wp-json\/wp\/v2\/tags?post=471"}],"curies":[{"name":"wp","href":"https:\/\/api.w.org\/{rel}","templated":true}]}}